{"id":13336,"date":"2025-01-31T00:00:00","date_gmt":"2025-01-31T00:00:00","guid":{"rendered":"https:\/\/mejo.de\/?p=13336"},"modified":"2025-07-14T13:17:38","modified_gmt":"2025-07-14T13:17:38","slug":"aluminiumprofile-fuer-den-schlitten","status":"publish","type":"post","link":"https:\/\/mejo.de\/nl\/aktuelles\/aluminiumprofile-fuer-den-schlitten\/","title":{"rendered":"Aluminiumprofile f\u00fcr den Schlitten"},"content":{"rendered":"<h2 class=\"wp-block-heading\">Zeichnungsprofile-Kundenprojekt mit SledTec<\/h2>\n\n\n\n<p>Aluminiumprofile und Schlitten \u2013 das ist ein Match! Unser Kunde SledTec produziert hochwertige Schlitten mit elegantem Design und einem patentierten Brems- und Lenksystem. F\u00fcr den Rahmen des Schlittens setzt SledTec auf mejo <a href=\"https:\/\/mejo.de\/nl\/producten\/tekeningprofielen\/\">Tekeningprofielen<\/a> aus Aluminium.<\/p>\n\n\n\n<p>Wir sind m\u00e4chtig stolz, bei diesem Projekt mitgewirkt zu haben, insbesondere, weil es uns im besten Sinn gefordert hat. Warum? Das verraten wir Ihnen in diesem Blogpost.<\/p>\n\n\n\n<h2 class=\"wp-block-heading\">Ein Aluminiumprofil, das jede Abfahrt mitmacht<\/h2>\n\n\n\n<p>Wir werben damit, dass wir f\u00fcr jedes Profil die richtige Presse finden. Die Zufriedenheit unserer Kund:innen steht f\u00fcr uns an erster Stelle. In diesem Fall stellten uns die Aluminiumprofile f\u00fcr den Schlitten vor eine ziemliche Herausforderung: Einfach \u201enur\u201c pressen stand nicht zur Debatte, denn der Rahmen musste zus\u00e4tzlich nach dem Pressen gebogen werden \u2013 ein anspruchsvoller Prozess, der pr\u00e4zises Know-how und einige Materialtests erforderte.<\/p>\n\n\n\n<h2 class=\"wp-block-heading\">Pulverbeschichtung f\u00fcr Pulverschnee-Pisten<\/h2>\n\n\n\n<p>Ein gro\u00dfer <a href=\"https:\/\/mejo.de\/nl\/actueel\/7-vorteile-von-aluminiumprofilen\/\">Vorteil von Aluminiumprofilen<\/a> liegt in ihrer Vielseitigkeit in den Anwendungsm\u00f6glichkeiten, aber auch im Design. SledTec entschied sich f\u00fcr die farblich vielseitigste Option: eine <a href=\"https:\/\/mejo.de\/nl\/service\/services\/persfabriek\/\">poedercoating<\/a> der Profile. Eine solche bieten wir unseren Kund:innen bis 7,0 m Profill\u00e4nge vertikal und 13,5 m Profill\u00e4nge horizontal beispielsweise in Struktur- und Metallicpulver oder in Farbt\u00f6nen nach RAL und NCS an. Die SledTec Schlitten sind mit Rahmenprofilen in braun, quarzgrau oder schwarz erh\u00e4ltlich und machen in jeder Farbe eine fantastische Figur auf der Pulverschnee-Piste.<\/p>\n\n\n\n<h2 class=\"wp-block-heading\">Was unser Kunde sagt<\/h2>\n\n\n\n<div class=\"wp-block-media-text is-stacked-on-mobile\" style=\"grid-template-columns:34% auto\"><figure class=\"wp-block-media-text__media\"><img fetchpriority=\"high\" decoding=\"async\" width=\"1024\" height=\"1024\" src=\"https:\/\/mejo.de\/wp-content\/uploads\/2025\/01\/mejo-zeichnungsprofile-sledtec-zitat-2025-aktuelles-1024x1024.webp\" alt=\"\" class=\"wp-image-13342 size-full\" srcset=\"https:\/\/mejo.de\/wp-content\/uploads\/2025\/01\/mejo-zeichnungsprofile-sledtec-zitat-2025-aktuelles-1024x1024.webp 1024w, https:\/\/mejo.de\/wp-content\/uploads\/2025\/01\/mejo-zeichnungsprofile-sledtec-zitat-2025-aktuelles-600x600.webp 600w, https:\/\/mejo.de\/wp-content\/uploads\/2025\/01\/mejo-zeichnungsprofile-sledtec-zitat-2025-aktuelles-300x300.webp 300w, https:\/\/mejo.de\/wp-content\/uploads\/2025\/01\/mejo-zeichnungsprofile-sledtec-zitat-2025-aktuelles-768x768.webp 768w, https:\/\/mejo.de\/wp-content\/uploads\/2025\/01\/mejo-zeichnungsprofile-sledtec-zitat-2025-aktuelles-12x12.webp 12w, https:\/\/mejo.de\/wp-content\/uploads\/2025\/01\/mejo-zeichnungsprofile-sledtec-zitat-2025-aktuelles.webp 1080w\" sizes=\"(max-width: 1024px) 100vw, 1024px\" \/><\/figure><div class=\"wp-block-media-text__content\">\n<p><em>\u201eBei unserem Produkt hatten wir komplexe Aufgabenstellungen zu l\u00f6sen, wie zum Beispiel das Biegen des Rahmenprofils. Dazu waren diverse Tests mit unterschiedlichen Materialien und Materialzust\u00e4nden notwendig. Darauf wurde sehr flexibel reagiert. Wir wurden von Anfang an gut betreut (auch als kleiner Kunde).\u201c<\/em><\/p>\n\n\n\n<p><br>\u2013\u00a0Erich Hetteger &amp; Georg Winkler, Gesch\u00e4ftsf\u00fchrer SledTec GmbH<\/p>\n<\/div><\/div>\n\n\n\n<div style=\"height:35px\" aria-hidden=\"true\" class=\"wp-block-spacer\"><\/div>\n\n\n\n<h2 class=\"wp-block-heading\">Was wir sagen<\/h2>\n\n\n\n<p>Wir sind stolz, dass SledTec uns f\u00fcr dieses innovative Projekt ausgew\u00e4hlt hat. Solche Referenzen zeigen neben der Vielseitigkeit von Aluminiumprofilen auch unsere Expertise im Finden der passenden L\u00f6sung f\u00fcr jedes Projekt. Ein gro\u00dfes Dankesch\u00f6n an SledTec f\u00fcr das Vertrauen, die angenehme Zusammenarbeit und die fantastischen Produktfotos.<\/p>\n\n\n\n<p><strong>Wir sehen uns auf der Piste!<\/strong><\/p>\n\n\n\n<hr class=\"wp-block-separator has-alpha-channel-opacity\"\/>\n\n\n\n<p>Mehr Informationen zu unseren Zeichnungsprofilen finden Sie <a href=\"https:\/\/mejo.de\/nl\/producten\/tekeningprofielen\/\">hier<\/a>.<\/p>\n\n\n\n<p>Weitere Informationen \u00fcber SledTec gibt es auf der <a href=\"https:\/\/www.sledtec.at\/\" target=\"_blank\" rel=\"noreferrer noopener nofollow\">Website von SledTec<\/a>.<\/p>","protected":false},"excerpt":{"rendered":"<p>Zeichnungsprofile-Kundenprojekt mit SledTec<\/p>","protected":false},"author":3,"featured_media":13350,"comment_status":"closed","ping_status":"closed","sticky":false,"template":"","format":"standard","meta":{"footnotes":""},"categories":[1,53],"tags":[88,86,98,87,105,101,104],"class_list":["post-13336","post","type-post","status-publish","format-standard","has-post-thumbnail","hentry","category-news","category-zeichnungsprofile","tag-aktuelles","tag-blog","tag-de","tag-news","tag-sledtec","tag-zeichnungsprofile","tag-zeichnungsprofile-referenzen"],"_links":{"self":[{"href":"https:\/\/mejo.de\/nl\/wp-json\/wp\/v2\/posts\/13336","targetHints":{"allow":["GET"]}}],"collection":[{"href":"https:\/\/mejo.de\/nl\/wp-json\/wp\/v2\/posts"}],"about":[{"href":"https:\/\/mejo.de\/nl\/wp-json\/wp\/v2\/types\/post"}],"author":[{"embeddable":true,"href":"https:\/\/mejo.de\/nl\/wp-json\/wp\/v2\/users\/3"}],"replies":[{"embeddable":true,"href":"https:\/\/mejo.de\/nl\/wp-json\/wp\/v2\/comments?post=13336"}],"version-history":[{"count":0,"href":"https:\/\/mejo.de\/nl\/wp-json\/wp\/v2\/posts\/13336\/revisions"}],"wp:featuredmedia":[{"embeddable":true,"href":"https:\/\/mejo.de\/nl\/wp-json\/wp\/v2\/media\/13350"}],"wp:attachment":[{"href":"https:\/\/mejo.de\/nl\/wp-json\/wp\/v2\/media?parent=13336"}],"wp:term":[{"taxonomy":"category","embeddable":true,"href":"https:\/\/mejo.de\/nl\/wp-json\/wp\/v2\/categories?post=13336"},{"taxonomy":"post_tag","embeddable":true,"href":"https:\/\/mejo.de\/nl\/wp-json\/wp\/v2\/tags?post=13336"}],"curies":[{"name":"wp","href":"https:\/\/api.w.org\/{rel}","templated":true}]}}