{"id":10505,"date":"2024-08-28T10:38:27","date_gmt":"2024-08-28T10:38:27","guid":{"rendered":"https:\/\/kellerkinder.nrw\/?p=10505"},"modified":"2025-01-13T10:52:50","modified_gmt":"2025-01-13T10:52:50","slug":"sonderlaengen-und-sonderformen-fuer-solarmontageschienen","status":"publish","type":"post","link":"https:\/\/mejo.de\/nl\/aktuelles\/sonderlaengen-und-sonderformen-fuer-solarmontageschienen\/","title":{"rendered":"Sonderl\u00e4ngen und Sonderformen f\u00fcr Solarmontageschienen"},"content":{"rendered":"<h2 class=\"wp-block-heading\"><strong>Zuschnitt auf Wunschma\u00df und Zeichnungsprofile geh\u00f6ren zum Tagesgesch\u00e4ft von mejo<\/strong><\/h2>\n\n\n\n<p>Was den Solarteur bei der Projektplanung am meisten \u00e4rgert? Na klar: Wenn etwas nicht lieferbar ist. Deshalb sorgen wir daf\u00fcr, dass unsere L\u00e4ger in Viersen und D\u00fcsseldorf zu jeder Zeit gef\u00fcllt sind. Auf einer Lagerfl\u00e4che von insgesamt 6500 Quadratmetern stapeln sich neben Maschinenbauprofilen der Marke <a href=\"https:\/\/mejo.de\/nl\/wp\/producten\/machinebouwprofielen-nnk\/\">No Name Konstruktion\u00ae<\/a> die verschiedensten <a href=\"https:\/\/mejo.de\/nl\/wp\/producten\/montagerails-nns\/\">No Name Solar\u00ae<\/a> Profile, darunter Profile f\u00fcr Kreuzverband, Basisprofile und Gro\u00dfprofile oder etwa Zubeh\u00f6r. mejo ist Lieferant f\u00fcr Komponenten und bietet mit No Name Solar\u00ae vielf\u00e4ltige L\u00f6sungen f\u00fcr den Solar-Konstruktionsbaukasten. Und dar\u00fcber hinaus? Denken wir nat\u00fcrlich auch! Wir haben zwar den Standard auf Lager, k\u00f6nnen aber mehr als nur Standardma\u00dfe ausliefern. Denn wir wissen ganz genau: Was den Solarteur mindestens genauso zu schaffen macht wie Nichtverf\u00fcgbarkeit, sind Standardl\u00e4ngen bei Solarmontageschienen. Denn diese bedeuten h\u00e4ufig einen immensen Verschnitt und verursachen damit Kosten.<\/p>\n\n\n\n<h2 class=\"wp-block-heading\">Solarmontageschienen in Wunschl\u00e4nge \u2026 k\u00f6nnen wir!<p class=\"MsoNormal\" style=\"margin: 0cm; font-size: 12pt; font-family: Calibri, sans-serif; font-weight: 400; white-space-collapse: collapse;\"><\/p><\/h2>\n\n\n\n<p>Es m\u00fcssen nicht immer die \u00fcblichen 6200 mm sein. Wir schneiden unsere Profile auf neun S\u00e4geautomaten in unserem D\u00fcsseldorfer S\u00e4gezentrum auf Wunschma\u00df zu \u2013 das ergibt vor allem dann Sinn, wenn es besonders eilt und die Mengen \u00fcberschaubar sind. Bei gr\u00f6\u00dferen, mehrere Wochen im Voraus geplanten Sonderl\u00e4ngen-Auftr\u00e4gen k\u00f6nnen wir schon direkt\u00a0an\u00a0der\u00a0Presse\u00a0auf\u00a0das ben\u00f6tigte Sonderma\u00df abl\u00e4ngen.\u00a0Das\u00a0spart Geld, Ressourcen und letztlich auch Verschnitt. Ob Auftr\u00e4ge dieser Art lange dauern? Im Gegenteil! Aus Neupressung verf\u00fcgen wir \u00fcber sehr kurze Lieferzeiten. Schlie\u00dflich greifen wir auf 30 Strangpressen zur\u00fcck; Werkzeuge gibt es mehrfach. Wir k\u00f6nnen somit ganz genau abstimmen, welche Presse gerade welche Kapazit\u00e4ten frei hat.<\/p>\n\n\n\n<h2 class=\"wp-block-heading\"><strong>Sonderformen f\u00fcr Solarmontageschienen \u2026 k\u00f6nnen wir ebenfalls!<\/strong><p class=\"MsoNormal\" style=\"margin: 0cm; font-size: 12pt; font-family: Calibri, sans-serif; font-weight: 400; white-space-collapse: collapse;\"><\/p><\/h2>\n\n\n\n<p>Wenn nicht nur die L\u00e4nge, sondern auch die Form des Solarprofils eine ganz besondere sein soll, erstellen wir ein individuelles <a href=\"https:\/\/mejo.de\/nl\/wp\/producten\/tekeningprofielen\/\">Aluminium-Zeichnungsprofil<\/a>. Wir begleiten Sie mit pers\u00f6nlicher Beratung von der Skizze bis zur Auslieferung Ihrer Zeichnungsprofile. In der Produktion greifen wir auf ein umfassendes Netzwerk an Pressen zu und finden so vom Kleinst- bis zum Gro\u00dfprofil die richtige Presse. Von den Abmessungen \u00fcber die Bearbeitungsm\u00f6glichkeiten bis hin zu den Oberfl\u00e4chen \u2013 mit Aluminium-Zeichnungsprofilen sind Ihnen nahezu keine Grenzen gesetzt. Wie genau ein Aluminium-Zeichnungsprofil entsteht und in welche Abl\u00e4ufe Gesch\u00e4ftskund:innen eingebunden werden, beschreiben wir detailliert in unserem Blogbeitrag <a href=\"https:\/\/mejo.de\/nl\/wp\/actueel\/individuelles-aluminium-zeichnungsprofil\/\">Von der Skizze zur Produktion<\/a>.<\/p>\n\n\n\n<h2 class=\"wp-block-heading\"><\/h2>","protected":false},"excerpt":{"rendered":"<p>Zuschnitt auf Wunschma\u00df und Zeichnungsprofile geh\u00f6ren zum Tagesgesch\u00e4ft von mejo<\/p>","protected":false},"author":3,"featured_media":10508,"comment_status":"closed","ping_status":"closed","sticky":false,"template":"","format":"standard","meta":{"footnotes":""},"categories":[1,52],"tags":[98,89,90,92,91],"class_list":["post-10505","post","type-post","status-publish","format-standard","has-post-thumbnail","hentry","category-news","category-no-name-solar","tag-de","tag-nns","tag-nns-referenzen","tag-solarmontageschienen","tag-solarprofile"],"_links":{"self":[{"href":"https:\/\/mejo.de\/nl\/wp-json\/wp\/v2\/posts\/10505","targetHints":{"allow":["GET"]}}],"collection":[{"href":"https:\/\/mejo.de\/nl\/wp-json\/wp\/v2\/posts"}],"about":[{"href":"https:\/\/mejo.de\/nl\/wp-json\/wp\/v2\/types\/post"}],"author":[{"embeddable":true,"href":"https:\/\/mejo.de\/nl\/wp-json\/wp\/v2\/users\/3"}],"replies":[{"embeddable":true,"href":"https:\/\/mejo.de\/nl\/wp-json\/wp\/v2\/comments?post=10505"}],"version-history":[{"count":0,"href":"https:\/\/mejo.de\/nl\/wp-json\/wp\/v2\/posts\/10505\/revisions"}],"wp:featuredmedia":[{"embeddable":true,"href":"https:\/\/mejo.de\/nl\/wp-json\/wp\/v2\/media\/10508"}],"wp:attachment":[{"href":"https:\/\/mejo.de\/nl\/wp-json\/wp\/v2\/media?parent=10505"}],"wp:term":[{"taxonomy":"category","embeddable":true,"href":"https:\/\/mejo.de\/nl\/wp-json\/wp\/v2\/categories?post=10505"},{"taxonomy":"post_tag","embeddable":true,"href":"https:\/\/mejo.de\/nl\/wp-json\/wp\/v2\/tags?post=10505"}],"curies":[{"name":"wp","href":"https:\/\/api.w.org\/{rel}","templated":true}]}}