{"id":17455,"date":"2026-01-08T07:13:10","date_gmt":"2026-01-08T07:13:10","guid":{"rendered":"https:\/\/mejo.de\/?p=17455"},"modified":"2026-01-08T07:13:13","modified_gmt":"2026-01-08T07:13:13","slug":"kunst-trifft-konstruktionsprofile","status":"publish","type":"post","link":"https:\/\/mejo.de\/en\/aktuelles\/kunst-trifft-konstruktionsprofile\/","title":{"rendered":"Kunst trifft Konstruktionsprofile"},"content":{"rendered":"<h2 class=\"wp-block-heading\">ISP8-UL40 Typ A Profile im LVR-Landesmuseum Bonn<\/h2>\n\n\n\n<p>Kunst trifft Konstruktionsprofile und eine Ausstellung \u00fcber die Arbeitswelt der Moderne trifft auf ein Industrieprodukt.<\/p>\n\n\n\n<p>F\u00fcr die Ausstellung \u201eSch\u00f6ne neue Arbeitswelt. Traum und Trauma der Moderne\u201c im <a href=\"https:\/\/landesmuseum-bonn.lvr.de\/\" target=\"_blank\" data-type=\"link\" data-id=\"https:\/\/landesmuseum-bonn.lvr.de\/\" rel=\"noreferrer noopener nofollow\">LVR-Landesmuseum Bonn<\/a> durften wir ein St\u00fcck der r\u00e4umlichen Gestaltung mittragen \u2013 wortw\u00f6rtlich. Denn mitten zwischen Werken der Neuen Sachlichkeit, expressionistischen und klassizistischen Werken, fr\u00fchen Industrie-Fotografien und Objekten aus der Zeit von 1890 bis 1940 stehen unsere ultraleichten <a href=\"https:\/\/mejo.shop\/produkt\/isp8-ul40-typ-a\/\" target=\"_blank\" data-type=\"link\" data-id=\"https:\/\/mejo.shop\/produkt\/isp8-ul40-typ-a\/\" rel=\"noreferrer noopener nofollow\">ISP8-UL40 Typ A<\/a> Maschinenbauprofile von <a href=\"https:\/\/mejo.de\/en\/products\/construction-profiles-nnk\/\" target=\"_blank\" data-type=\"page\" data-id=\"1365\" rel=\"noreferrer noopener\">No Name Konstruktion\u00ae<\/a>.<\/p>\n\n\n\n<p>Sie fallen nicht sofort ins Auge. M\u00fcssen sie auch nicht. Denn genau wie viele Menschen in der Arbeitswelt fr\u00fcher wie heute leisten sie viel im Verborgenen: Sie strukturieren R\u00e4ume, tragen Informationstafeln, halten Bilder \u2013 und schaffen flexible Ausstellungssituationen, die das Erz\u00e4hltempo der Kunst unterst\u00fctzen.<\/p>\n\n\n\n<h2 class=\"wp-block-heading\">Eine Ausstellung \u00fcber den Wandel der Arbeit \u2013 damals wie heute<\/h2>\n\n\n\n<p>W\u00e4hrend heute Themen wie K\u00fcnstliche Intelligenz, Homeoffice oder flexible Arbeitszeiten das Verst\u00e4ndnis von Arbeit auf den Kopf stellen, blickt die Ausstellung zur\u00fcck in eine Zeit, die ebenfalls vor Umbr\u00fcchen strotzte: Industrialisierung, Mechanisierung, Taktarbeit, Rationalisierung.<\/p>\n\n\n\n<div class=\"wp-block-media-text is-stacked-on-mobile\" style=\"grid-template-columns:33% auto\"><figure class=\"wp-block-media-text__media\"><img fetchpriority=\"high\" decoding=\"async\" width=\"1024\" height=\"1024\" src=\"https:\/\/mejo.de\/wp-content\/uploads\/2025\/12\/mejo-nnk-kunst-trifft-konstruktionsprofile-2026-aktuelles_square_1-1024x1024.webp\" alt=\"\" class=\"wp-image-17460 size-full\" srcset=\"https:\/\/mejo.de\/wp-content\/uploads\/2025\/12\/mejo-nnk-kunst-trifft-konstruktionsprofile-2026-aktuelles_square_1-1024x1024.webp 1024w, https:\/\/mejo.de\/wp-content\/uploads\/2025\/12\/mejo-nnk-kunst-trifft-konstruktionsprofile-2026-aktuelles_square_1-600x600.webp 600w, https:\/\/mejo.de\/wp-content\/uploads\/2025\/12\/mejo-nnk-kunst-trifft-konstruktionsprofile-2026-aktuelles_square_1-300x300.webp 300w, https:\/\/mejo.de\/wp-content\/uploads\/2025\/12\/mejo-nnk-kunst-trifft-konstruktionsprofile-2026-aktuelles_square_1-768x768.webp 768w, https:\/\/mejo.de\/wp-content\/uploads\/2025\/12\/mejo-nnk-kunst-trifft-konstruktionsprofile-2026-aktuelles_square_1-12x12.webp 12w, https:\/\/mejo.de\/wp-content\/uploads\/2025\/12\/mejo-nnk-kunst-trifft-konstruktionsprofile-2026-aktuelles_square_1.webp 1080w\" sizes=\"(max-width: 1024px) 100vw, 1024px\" \/><\/figure><div class=\"wp-block-media-text__content\">\n<p>Rund 300 Exponate zeigen Schwei\u00df, Fortschritt, soziale Spannungen \u2013 und viele Fragen, die uns heute wieder besch\u00e4ftigen:<\/p>\n\n\n\n<ul class=\"wp-block-list\">\n<li>Wie ver\u00e4ndert Automatisierung Berufe?<\/li>\n\n\n\n<li>Was bedeutet gerechte Arbeit?<\/li>\n\n\n\n<li>Wie sieht die Zukunft aus?<\/li>\n<\/ul>\n\n\n\n<p>In sechs thematischen Kapiteln n\u00e4hert sich das Museum dem Thema Arbeit aus verschiedenen Blickwinkeln: von harten Fabrikrealit\u00e4ten \u00fcber Hoffnungen auf technischen Fortschritt bis hin zu gesellschaftlichen Konflikten und Zukunftsvisionen. K\u00fcnstler:innen wie Otto Dix, Hannah H\u00f6ch, Conrad Felixm\u00fcller und viele weitere dokumentierten, kritisierten oder kommentierten diese Entwicklungen. Ihre Werke bilden das Herzst\u00fcck der Ausstellung und machen die \u201eArbeitswelt der Moderne\u201c greifbar, verst\u00e4ndlich und emotional zug\u00e4nglich.<\/p>\n<\/div><\/div>\n\n\n\n<p>Auch der WDR hat im Kulturmagazin <a href=\"https:\/\/www1.wdr.de\/fernsehen\/west-art\/sendungen\/ausstellung-schoene-neue-arbeitswelt-bonn-100.html\" target=\"_blank\" rel=\"noreferrer noopener nofollow\">Westart<\/a> einen Beitrag \u00fcber die Ausstellung ausgestrahlt.<\/p>\n\n\n\n<h2 class=\"wp-block-heading\">Warum das Museum auf das NNK\u00ae ISP8-UL40 Typ A Profil setzt<\/h2>\n\n\n\n<p>F\u00fcr den Aufbau suchte das Museum ein System, das die folgenden Anforderungen erf\u00fcllt:<\/p>\n\n\n\n<ul class=\"wp-block-list\">\n<li><strong>leicht: <\/strong>Transport &amp; Aufbau sollen nicht zur Akkordarbeit werden<\/li>\n\n\n\n<li><strong>stabil: <\/strong>Tafeln, Grafiken und Bilder m\u00fcssen sicher gehalten werden<\/li>\n\n\n\n<li><strong>modular: <\/strong>R\u00e4ume im Raum, variable H\u00f6hen, schnelle Anpassungen<\/li>\n\n\n\n<li><strong>optisch unauff\u00e4llig: <\/strong>Damit die Kunst spricht, nicht das Tr\u00e4gersystem<\/li>\n<\/ul>\n\n\n\n<p>Unser item-kompatibles ISP8-UL40 Typ A, ein ultraleichtes Maschinenbauprofil, war daf\u00fcr die ideale Wahl. Trotz seines geringen Gewichts bietet das <a href=\"https:\/\/mejo.de\/en\/products\/construction-profiles-nnk\/\" data-type=\"page\" data-id=\"1365\">NNK\u00ae<\/a> Profil eine hohe Stabilit\u00e4t, l\u00e4sst sich kinderleicht verarbeiten und erm\u00f6glicht schnelle \u00c4nderungen direkt im Ausstellungsraum.<\/p>\n\n\n\n<p>Mit seinen sauberen Kanten, schlanken Linien und dem dezenten silber-eloxierten Industrielook f\u00fcgt das Profil sich perfekt in die museale Architektur ein, ohne die Exponate zu \u00fcberstrahlen.<\/p>\n\n\n\n<h2 class=\"wp-block-heading\">Maschinenbau trifft Museum: Profile, die R\u00e4ume schaffen<\/h2>\n\n\n\n<p>W\u00e4hrend die Ausstellung zeigt, wie hart und k\u00f6rperlich fordernd die Arbeitswelt der Moderne war, bringen unsere Profile im Hintergrund etwas anderes mit: Leichtigkeit und Flexibilit\u00e4t. Gleichzeitig tragen sie selbst ein St\u00fcck Industriekultur in sich, denn Aluminiumprofile sind klassische Industrie- und Maschinenbauprodukte, gefertigt in modernen Werken und entwickelt f\u00fcr robuste technische Anwendungen.<\/p>\n\n\n\n<p>Gerade deshalb entsteht hier ein doppelter Kontrast:<br>Die Exponate erz\u00e4hlen von Fabrikhallen, Akkordarbeit und schweren Maschinen. Im Raum stehen Konstruktionen aus einem Produkt, das sonst ebenfalls als Einhausung f\u00fcr Maschinen dient oder in technischen Aufbauten steckt, hier aber als raumschaffendes Gestaltungselement eingesetzt wird. Ein Gebrauchsgegenstand in einer eher ungewohnten, musealen Rolle.<\/p>\n\n\n\n<p>Die Kunst liefert die Geschichten und unsere Profile bilden den Rahmen.<\/p>\n\n\n\n<h2 class=\"wp-block-heading\">Fazit: Ultraleichte Profile, extrastarke Wirkung<\/h2>\n\n\n\n<p>Die Ausstellung \u201eSch\u00f6ne neue Arbeitswelt\u201c im LVR-Landesmuseum Bonn l\u00e4uft noch bis 12. April 2026. Besucher:innen erleben dort Wandel, Fortschritt und die wiederkehrende Suche nach besseren Arbeitsbedingungen \u2013 Themen, die kaum an Aktualit\u00e4t verloren haben.<\/p>\n\n\n\n<p>Dass unsere ISP8-UL40 Typ A Profile diese Ausstellung begleiten d\u00fcrfen, ist f\u00fcr uns mehr als ein technisches Einsatzbeispiel. Es zeigt:<\/p>\n\n\n\n<ul class=\"wp-block-list\">\n<li>Unsere Maschinenbauprofile k\u00f6nnen \u00e4sthetische R\u00e4ume gestalten.<\/li>\n\n\n\n<li>Sie funktionieren im sensiblen Ausstellungsbetrieb, wo Sicherheit und Optik gleicherma\u00dfen z\u00e4hlen.<\/li>\n\n\n\n<li>Sie helfen dabei, Geschichte sichtbar zu machen, ohne selbst in den Vordergrund zu treten.<\/li>\n<\/ul>\n\n\n\n<p>Was uns besonders freut:<br>Wenn unsere Produkte dazu beitragen, dass Menschen Kunst erfahren.<\/p>\n\n\n\n<p>Wer k\u00fcnftig Ausstellungsarchitektur plant und ein System sucht, das zuverl\u00e4ssig tr\u00e4gt, sich schnell montieren l\u00e4sst und dabei kaum ins Auge f\u00e4llt:<br>Unsere No Name Konstruktion\u00ae Maschinenbauprofile sind lagernd \u2013 und bereit f\u00fcr ihren Einsatz.<\/p>","protected":false},"excerpt":{"rendered":"<p>ISP8-UL40 Typ A Profile im LVR-Landesmuseum Bonn<\/p>","protected":false},"author":3,"featured_media":17458,"comment_status":"closed","ping_status":"closed","sticky":false,"template":"","format":"standard","meta":{"footnotes":""},"categories":[115,1,51],"tags":[88,86,98,73,72,71],"class_list":["post-17455","post","type-post","status-publish","format-standard","has-post-thumbnail","hentry","category-dlde","category-news","category-no-name-konstruktion","tag-aktuelles","tag-blog","tag-de","tag-maschinenbauprofile","tag-nnk","tag-nnk-referenzen"],"_links":{"self":[{"href":"https:\/\/mejo.de\/en\/wp-json\/wp\/v2\/posts\/17455","targetHints":{"allow":["GET"]}}],"collection":[{"href":"https:\/\/mejo.de\/en\/wp-json\/wp\/v2\/posts"}],"about":[{"href":"https:\/\/mejo.de\/en\/wp-json\/wp\/v2\/types\/post"}],"author":[{"embeddable":true,"href":"https:\/\/mejo.de\/en\/wp-json\/wp\/v2\/users\/3"}],"replies":[{"embeddable":true,"href":"https:\/\/mejo.de\/en\/wp-json\/wp\/v2\/comments?post=17455"}],"version-history":[{"count":1,"href":"https:\/\/mejo.de\/en\/wp-json\/wp\/v2\/posts\/17455\/revisions"}],"predecessor-version":[{"id":17728,"href":"https:\/\/mejo.de\/en\/wp-json\/wp\/v2\/posts\/17455\/revisions\/17728"}],"wp:featuredmedia":[{"embeddable":true,"href":"https:\/\/mejo.de\/en\/wp-json\/wp\/v2\/media\/17458"}],"wp:attachment":[{"href":"https:\/\/mejo.de\/en\/wp-json\/wp\/v2\/media?parent=17455"}],"wp:term":[{"taxonomy":"category","embeddable":true,"href":"https:\/\/mejo.de\/en\/wp-json\/wp\/v2\/categories?post=17455"},{"taxonomy":"post_tag","embeddable":true,"href":"https:\/\/mejo.de\/en\/wp-json\/wp\/v2\/tags?post=17455"}],"curies":[{"name":"wp","href":"https:\/\/api.w.org\/{rel}","templated":true}]}}