{"id":14466,"date":"2025-04-30T09:07:50","date_gmt":"2025-04-30T09:07:50","guid":{"rendered":"https:\/\/mejo.de\/?p=14466"},"modified":"2025-07-14T13:04:05","modified_gmt":"2025-07-14T13:04:05","slug":"aluminium-zeltprofile-in-xxl","status":"publish","type":"post","link":"https:\/\/mejo.de\/en\/aktuelles\/aluminium-zeltprofile-in-xxl\/","title":{"rendered":"Aluminium Zeltprofile in XXL"},"content":{"rendered":"<h2 class=\"wp-block-heading\">Wie mejo das gr\u00f6\u00dfte Festivalzelt Europas m\u00f6glich machte<\/h2>\n\n\n\n<p>Als beim Aufbau des <a href=\"https:\/\/www.paaspop.nl\/nl\/\" target=\"_blank\" rel=\"noreferrer noopener nofollow\">Paaspop<\/a> Festivals 2025 die ersten LKW anrollen, ist eines sofort klar: Hier entsteht etwas Gigantisches. Mitten im Zentrum: <em>The Giant<\/em> \u2013 das gr\u00f6\u00dfte je gebaute Festivalzelt Europas. Und integraler Bestandteil dieser spektakul\u00e4ren Konstruktion? Aluminium Zeltprofile von <strong>mejo<\/strong>.<\/p>\n\n\n\n<h2 class=\"wp-block-heading\">Aluminium Sonderprofile f\u00fcr ein Sonderprojekt<\/h2>\n\n\n\n<p><em>The Giant<\/em> ist kein Zelt von der Stange. Mit fast 30 Metern H\u00f6he und einer enormen Spannweite trotzt es Wind, Wetter und jeder statischen Herausforderung. Daf\u00fcr braucht es nicht nur mutige Ideen, sondern auch das passende Material: <strong>85 Tonnen <a href=\"https:\/\/mejo.de\/en\/products\/custom-profiles\/\">Aluminium Sonderprofile<\/a><\/strong>, speziell nach Ma\u00df gefertigt von mejo.<\/p>\n\n\n\n<p>Die Aluminium Zeltprofile, bis zu 22 kg pro Meter schwer, wurden exakt nach den Anforderungen des belgischen Zeltspezialisten <strong><a href=\"https:\/\/bnltentconcept.be\/\" target=\"_blank\" rel=\"noreferrer noopener nofollow\">BNL Tent Concepts<\/a><\/strong> entwickelt. Gro\u00df, schwer, hochkomplex in der Geometrie \u2013 f\u00fcr viele Hersteller eine Nummer zu gro\u00df. F\u00fcr mejo: genau die richtige Herausforderung.<\/p>\n\n\n\n<h2 class=\"wp-block-heading\">Aluminium Zeltprofile mit Anspruch \u2013 von der Idee zur Umsetzung<\/h2>\n\n\n\n<p>Durch enge Zusammenarbeit zwischen Konstruktion, Produktion und Logistik wurde das einzigartige Sonderprofil in Rekordzeit gefertigt und ausgeliefert. Nur vier Wochen nach der Freigabe war das Werkzeug gebaut und der erste LKW bereits auf dem Weg zum Kunden.<\/p>\n\n\n\n<p>Das Datum f\u00fcr das Paaspop Festival stand schlie\u00dflich unverr\u00fcckbar fest \u2013 keine Zeit f\u00fcr Fehler und kein Tag zu verlieren.<\/p>\n\n\n\n<p>Was das Projekt besonders machte:<\/p>\n\n\n\n<ul class=\"wp-block-list\">\n<li><strong>Extreme Dimensionen<\/strong>: Profile mit bis zu 22 kg\/m<\/li>\n\n\n\n<li><strong>Enge Zeitvorgaben<\/strong>: Lieferung innerhalb weniger Wochen<\/li>\n\n\n\n<li><strong>Komplexe Anforderungen<\/strong>: Statische Belastung, Passgenauigkeit, Wetterbest\u00e4ndigkeit<\/li>\n<\/ul>\n\n\n\n<h2 class=\"wp-block-heading\">Warum Zeltprofile aus Aluminium die erste Wahl sind<\/h2>\n\n\n\n<p>Gerade bei tempor\u00e4ren Bauten wie Festivalzelten spielt das Material eine entscheidende Rolle. Aluminium bietet klare Vorteile:<\/p>\n\n\n\n<ul class=\"wp-block-list\">\n<li><strong>Leicht, aber hochbelastbar<\/strong>: Schneller Auf- und Abbau bei gleichzeitig hoher Stabilit\u00e4t<\/li>\n\n\n\n<li><strong>Korrosionsbest\u00e4ndig<\/strong>: Wetterfest f\u00fcr Outdoor-Eins\u00e4tze<\/li>\n\n\n\n<li><strong>Flexibel in der Verarbeitung<\/strong>: mejo liefert die Profile ges\u00e4gt, gebohrt, beschichtet oder gebogen \u2013 exakt nach Kundenanforderung<\/li>\n<\/ul>\n\n\n\n<p>Perfektes Teamwork zwischen mejo und BTL Tent Concepts f\u00fcr ultimative Festivalmomente<\/p>\n\n\n\n<p>Dass das Projekt gelungen ist und <em>The Giant<\/em> termingerecht stand, liegt auch an der engen Zusammenarbeit mit BNL Tent Concepts. Deren Team best\u00e4tigte uns: Kein anderer Anbieter konnte die Aluminium Zeltprofile in dieser Zeit und mit diesen Spezifikationen liefern. Ein gro\u00dfes Kompliment \u2013 und eine klare Best\u00e4tigung unserer Rolle als Spezialist f\u00fcr ma\u00dfgeschneiderte Aluminiuml\u00f6sungen.<\/p>\n\n\n\n<p><strong>Unsere St\u00e4rken:<\/strong><\/p>\n\n\n\n<ul class=\"wp-block-list\">\n<li>Schnelle Projektabwicklung<\/li>\n\n\n\n<li>H\u00f6chste Fertigungstiefe<\/li>\n\n\n\n<li>Erfahrung mit komplexen Sonderprofilen<\/li>\n<\/ul>\n\n\n\n<p>Wer beim Paaspop Festival 2025 dabei war, konnte das riesige Zelt nicht \u00fcbersehen, denn es ragte buchst\u00e4blich \u00fcber alles hinaus.<\/p>\n\n\n\n<p><strong>Festival verpasst? Kein Problem:<\/strong><\/p>\n\n\n\n<p>The Giant soll k\u00fcnftig fester Bestandteil gro\u00dfer Festivals im In- und Ausland werden \u2013\u00a0und wir sind verdammt stolz, einen Teil dazu beigetragen zu haben.<\/p>\n\n\n\n<h2 class=\"wp-block-heading\">Aluminiumprofile f\u00fcr den Eventbau \u2013 mit mejo auf der sicheren Seite<\/h2>\n\n\n\n<p>Ob Festivalzelt, tempor\u00e4rer Pavillon oder mobile Eventhalle: mejo liefert die passenden Aluminiumprofile \u2013 nach Ihrer Kundenzeichnung und Ihren Anforderungen, mit maximaler Lieferzuverl\u00e4ssigkeit.<\/p>\n\n\n\n<p>Dank einem umfangreichen Netzwerk aus <a href=\"https:\/\/mejo.de\/en\/service\/services\/press-shop\/\">\u00fcber 30 Strangpressen<\/a> finden wir f\u00fcr jedes Profil die passende Presse \u2013 von XXS bis XXL.<\/p>\n\n\n\n<p><strong>Sie planen ein au\u00dfergew\u00f6hnliches Projekt?<\/strong><br>Fragen Sie uns an \u2013 wir beraten Sie gern.<\/p>\n\n\n\n<p>Fotograf: Jason Setzer<\/p>\n\n\n\n<p><\/p>","protected":false},"excerpt":{"rendered":"<p>Wie mejo das gr\u00f6\u00dfte Festivalzelt Europas m\u00f6glich machte<\/p>","protected":false},"author":3,"featured_media":14468,"comment_status":"closed","ping_status":"closed","sticky":false,"template":"","format":"standard","meta":{"footnotes":""},"categories":[1,53],"tags":[86,98,101],"class_list":["post-14466","post","type-post","status-publish","format-standard","has-post-thumbnail","hentry","category-news","category-zeichnungsprofile","tag-blog","tag-de","tag-zeichnungsprofile"],"_links":{"self":[{"href":"https:\/\/mejo.de\/en\/wp-json\/wp\/v2\/posts\/14466","targetHints":{"allow":["GET"]}}],"collection":[{"href":"https:\/\/mejo.de\/en\/wp-json\/wp\/v2\/posts"}],"about":[{"href":"https:\/\/mejo.de\/en\/wp-json\/wp\/v2\/types\/post"}],"author":[{"embeddable":true,"href":"https:\/\/mejo.de\/en\/wp-json\/wp\/v2\/users\/3"}],"replies":[{"embeddable":true,"href":"https:\/\/mejo.de\/en\/wp-json\/wp\/v2\/comments?post=14466"}],"version-history":[{"count":0,"href":"https:\/\/mejo.de\/en\/wp-json\/wp\/v2\/posts\/14466\/revisions"}],"wp:featuredmedia":[{"embeddable":true,"href":"https:\/\/mejo.de\/en\/wp-json\/wp\/v2\/media\/14468"}],"wp:attachment":[{"href":"https:\/\/mejo.de\/en\/wp-json\/wp\/v2\/media?parent=14466"}],"wp:term":[{"taxonomy":"category","embeddable":true,"href":"https:\/\/mejo.de\/en\/wp-json\/wp\/v2\/categories?post=14466"},{"taxonomy":"post_tag","embeddable":true,"href":"https:\/\/mejo.de\/en\/wp-json\/wp\/v2\/tags?post=14466"}],"curies":[{"name":"wp","href":"https:\/\/api.w.org\/{rel}","templated":true}]}}